{"id":779,"date":"2025-03-27T15:39:56","date_gmt":"2025-03-27T14:39:56","guid":{"rendered":"https:\/\/www.reactionpermis.fr\/post\/?p=779"},"modified":"2025-03-31T16:42:21","modified_gmt":"2025-03-31T14:42:21","slug":"les-bienfaits-environnementaux-des-vehicules-a-faible-emission","status":"publish","type":"post","link":"https:\/\/www.reactionpermis.fr\/post\/les-bienfaits-environnementaux-des-vehicules-a-faible-emission","title":{"rendered":"Les bienfaits environnementaux des\u00a0v\u00e9hicules\u00a0\u00e0 faible\u00a0\u00e9mission"},"content":{"rendered":"\n<p>Dans un monde o\u00f9 la pr\u00e9servation de notre plan\u00e8te devient une priorit\u00e9, les&nbsp;<strong>voitures<\/strong>&nbsp;\u00e0 faible&nbsp;<strong>\u00e9mission<\/strong>&nbsp;de CO2 s&rsquo;imposent comme une solution incontournable pour r\u00e9duire notre impact sur l&rsquo;environnement. Ces&nbsp;<strong>v\u00e9hicules<\/strong>, qu&rsquo;ils soient&nbsp;<strong>\u00e9lectriques<\/strong>,&nbsp;<strong>hybrides<\/strong>&nbsp;ou utilisant des technologies de pointe, offrent de nombreux avantages tant pour les conducteurs que pour la soci\u00e9t\u00e9 dans son ensemble.<\/p>\n\n\n\n<h2 class=\"wp-block-heading\">Un impact r\u00e9duit sur le r\u00e9chauffement climatique<\/h2>\n\n\n\n<p>L&rsquo;un des principaux atouts des&nbsp;<strong>voitures<\/strong>&nbsp;\u00e0 faible&nbsp;<strong>\u00e9mission<\/strong>&nbsp;r\u00e9side dans leur capacit\u00e9 \u00e0 limiter les rejets de gaz \u00e0 effet de serre. En optant pour un&nbsp;<strong>v\u00e9hicule \u00e9lectrique<\/strong>&nbsp;ou&nbsp;<strong>hybride<\/strong>, vous contribuez directement \u00e0 la r\u00e9duction des&nbsp;<strong>\u00e9missions<\/strong>&nbsp;de&nbsp;<strong>carbone<\/strong>. Ces automobiles produisent significativement moins de CO2 que leurs homologues&nbsp;<strong>thermiques<\/strong>, participant ainsi \u00e0 la lutte contre le r\u00e9chauffement climatique.<\/p>\n\n\n\n<h2 class=\"wp-block-heading\">Am\u00e9lioration de la qualit\u00e9 de l&rsquo;air en milieu urbain<\/h2>\n\n\n\n<p>Les&nbsp;<strong>v\u00e9hicules<\/strong>&nbsp;\u00e0 faible&nbsp;<strong>\u00e9mission<\/strong>&nbsp;jouent \u00e9galement un r\u00f4le crucial dans l&rsquo;am\u00e9lioration de la qualit\u00e9 de l&rsquo;air, particuli\u00e8rement en zone urbaine. En r\u00e9duisant les rejets de particules fines et d&rsquo;autres polluants nocifs, ces&nbsp;<strong>voitures<\/strong>&nbsp;contribuent \u00e0 cr\u00e9er des environnements plus sains pour tous. Les habitants des villes peuvent ainsi respirer un air plus pur, ce qui a des r\u00e9percussions positives sur la sant\u00e9 publique.<\/p>\n\n\n\n<figure class=\"wp-block-image size-full\"><img loading=\"lazy\" decoding=\"async\" width=\"612\" height=\"459\" src=\"https:\/\/www.reactionpermis.fr\/post\/wp-content\/uploads\/2025\/02\/3_Les_avantages_des_voitures_a_faible_emission_de_CO2.jpg\" alt=\"\" class=\"wp-image-781\" srcset=\"https:\/\/www.reactionpermis.fr\/post\/wp-content\/uploads\/2025\/02\/3_Les_avantages_des_voitures_a_faible_emission_de_CO2.jpg 612w, https:\/\/www.reactionpermis.fr\/post\/wp-content\/uploads\/2025\/02\/3_Les_avantages_des_voitures_a_faible_emission_de_CO2-300x225.jpg 300w\" sizes=\"auto, (max-width: 612px) 100vw, 612px\" \/><figcaption class=\"wp-element-caption\">Reduce CO2 level concept. Carbon dioxide emissions control, CO2 level to the min position. 3d rendering<\/figcaption><\/figure>\n\n\n\n<h2 class=\"wp-block-heading\">Avantages \u00e9conomiques pour les conducteurs<\/h2>\n\n\n\n<h3 class=\"wp-block-heading\">\u00c9conomies de&nbsp;<strong>carburant<\/strong>&nbsp;\u00e0 long terme<\/h3>\n\n\n\n<p>Bien que l&rsquo;investissement initial puisse para\u00eetre plus \u00e9lev\u00e9, les propri\u00e9taires de&nbsp;<strong>v\u00e9hicules<\/strong>&nbsp;\u00e0 faible&nbsp;<strong>\u00e9mission<\/strong>&nbsp;r\u00e9alisent des \u00e9conomies substantielles sur le long terme. Les&nbsp;<strong>voitures \u00e9lectriques<\/strong>, par exemple, n\u00e9cessitent moins d&rsquo;entretien et les co\u00fbts de&nbsp;<strong>recharge<\/strong>&nbsp;sont g\u00e9n\u00e9ralement inf\u00e9rieurs aux d\u00e9penses en&nbsp;<strong>carburant<\/strong>&nbsp;des&nbsp;<strong>v\u00e9hicules thermiques<\/strong>. Sur la dur\u00e9e de&nbsp;<strong>vie<\/strong>&nbsp;du&nbsp;<strong>v\u00e9hicule<\/strong>, ces \u00e9conomies peuvent s&rsquo;av\u00e9rer consid\u00e9rables.<\/p>\n\n\n\n<h3 class=\"wp-block-heading\">Incitations fiscales et aides gouvernementales<\/h3>\n\n\n\n<p>Pour encourager l&rsquo;adoption de ces&nbsp;<strong>v\u00e9hicules<\/strong>&nbsp;plus respectueux de l&rsquo;environnement, de nombreuses incitations fiscales et aides gouvernementales sont mises en place. En&nbsp;<strong>France<\/strong>, par exemple, des bonus \u00e9cologiques et des primes \u00e0 la conversion sont propos\u00e9s pour l&rsquo;<strong>achat<\/strong>&nbsp;de&nbsp;<strong>voitures \u00e9lectriques<\/strong>&nbsp;ou&nbsp;<strong>hybrides<\/strong>. Ces avantages financiers rendent l&rsquo;acquisition de ces&nbsp;<strong>v\u00e9hicules<\/strong>&nbsp;plus accessible et attractive pour un grand nombre de conducteurs.<\/p>\n\n\n\n<figure class=\"wp-block-image size-full\"><img loading=\"lazy\" decoding=\"async\" width=\"612\" height=\"408\" src=\"https:\/\/www.reactionpermis.fr\/post\/wp-content\/uploads\/2025\/02\/1_Les_avantages_des_voitures_a_faible_emission_de_CO2.jpg\" alt=\"\" class=\"wp-image-782\" srcset=\"https:\/\/www.reactionpermis.fr\/post\/wp-content\/uploads\/2025\/02\/1_Les_avantages_des_voitures_a_faible_emission_de_CO2.jpg 612w, https:\/\/www.reactionpermis.fr\/post\/wp-content\/uploads\/2025\/02\/1_Les_avantages_des_voitures_a_faible_emission_de_CO2-300x200.jpg 300w\" sizes=\"auto, (max-width: 612px) 100vw, 612px\" \/><figcaption class=\"wp-element-caption\">CO2 pollution concept with \ncardboard model  car with exhaust smoke clouds in woman hand, natural background with green grass and clear blue sky<\/figcaption><\/figure>\n\n\n\n<h2 class=\"wp-block-heading\">Confort et performance au rendez-vous<\/h2>\n\n\n\n<h3 class=\"wp-block-heading\">Des&nbsp;<strong>moteurs<\/strong>&nbsp;de plus en plus performants<\/h3>\n\n\n\n<p>Contrairement aux id\u00e9es re\u00e7ues, les&nbsp;<strong>voitures<\/strong>&nbsp;\u00e0 faible&nbsp;<strong>\u00e9mission<\/strong>&nbsp;ne sacrifient pas la performance. Les progr\u00e8s technologiques constants permettent d&rsquo;am\u00e9liorer l&rsquo;autonomie des&nbsp;<strong>batteries<\/strong>&nbsp;et la puissance des&nbsp;<strong>moteurs \u00e9lectriques<\/strong>. De nombreux mod\u00e8les offrent d\u00e9sormais des acc\u00e9l\u00e9rations impressionnantes et des vitesses de pointe comparables \u00e0 celles des&nbsp;<strong>v\u00e9hicules thermiques<\/strong>.<\/p>\n\n\n\n<h3 class=\"wp-block-heading\">Un confort de conduite am\u00e9lior\u00e9<\/h3>\n\n\n\n<p>Les&nbsp;<strong>v\u00e9hicules \u00e9lectriques<\/strong>&nbsp;et&nbsp;<strong>hybrides<\/strong>&nbsp;se distinguent \u00e9galement par leur confort de conduite exceptionnel. Le silence du&nbsp;<strong>moteur \u00e9lectrique<\/strong>, l&rsquo;absence de vibrations et la souplesse de l&rsquo;acc\u00e9l\u00e9ration contribuent \u00e0 une exp\u00e9rience de conduite plus agr\u00e9able et relaxante. De plus, ces&nbsp;<strong>voitures<\/strong>&nbsp;sont souvent \u00e9quip\u00e9es de technologies de pointe en mati\u00e8re d&rsquo;aide \u00e0 la conduite et de connectivit\u00e9.<\/p>\n\n\n\n<h2 class=\"wp-block-heading\">Vers une mobilit\u00e9 plus responsable<\/h2>\n\n\n\n<h3 class=\"wp-block-heading\">Un choix \u00e9thique pour l&rsquo;avenir<\/h3>\n\n\n\n<p>Opter pour une\u00a0<strong>voiture<\/strong>\u00a0\u00e0 faible\u00a0<strong>\u00e9mission<\/strong>\u00a0de CO2 est un geste fort en faveur de l&rsquo;environnement. C&rsquo;est un choix \u00e9thique qui t\u00e9moigne d&rsquo;une prise de conscience des enjeux \u00e9cologiques actuels. En adoptant ce type de\u00a0<strong>v\u00e9hicule<\/strong>, vous participez activement \u00e0 la transition \u00e9nerg\u00e9tique et montrez l&rsquo;exemple pour les g\u00e9n\u00e9rations futures.<\/p>\n\n\n\n<h3 class=\"wp-block-heading\">Sensibilisation \u00e0 l&rsquo;\u00e9co-conduite<\/h3>\n\n\n\n<p>L&rsquo;utilisation d&rsquo;un&nbsp;<strong>v\u00e9hicule<\/strong>&nbsp;\u00e0 faible&nbsp;<strong>\u00e9mission<\/strong>&nbsp;encourage naturellement une conduite plus responsable. Les conducteurs deviennent plus attentifs \u00e0 leur consommation d&rsquo;<strong>\u00e9nergie<\/strong>&nbsp;et adoptent souvent des pratiques d&rsquo;\u00e9co-conduite. Cette prise de conscience s&rsquo;\u00e9tend g\u00e9n\u00e9ralement \u00e0 d&rsquo;autres aspects de la&nbsp;<strong>vie<\/strong>&nbsp;quotidienne, favorisant un mode de&nbsp;<strong>vie<\/strong>&nbsp;plus durable dans son ensemble.<\/p>\n\n\n\n<p>Les avantages des&nbsp;<strong>voitures<\/strong>&nbsp;\u00e0 faible&nbsp;<strong>\u00e9mission<\/strong>&nbsp;de CO2 sont nombreux et vari\u00e9s. De la r\u00e9duction de l&rsquo;impact environnemental aux \u00e9conomies r\u00e9alis\u00e9es, en passant par le confort de conduite et les performances am\u00e9lior\u00e9es, ces&nbsp;<strong>v\u00e9hicules<\/strong>&nbsp;repr\u00e9sentent une avanc\u00e9e significative dans le domaine de l&rsquo;automobile. Alors que nous nous dirigeons vers un avenir plus durable, le choix d&rsquo;une&nbsp;<strong>voiture<\/strong>&nbsp;\u00e0 faible&nbsp;<strong>\u00e9mission<\/strong>&nbsp;appara\u00eet non seulement comme une d\u00e9cision judicieuse, mais aussi comme un investissement dans la qualit\u00e9 de&nbsp;<strong>vie<\/strong>&nbsp;de tous.<\/p>\n","protected":false},"excerpt":{"rendered":"<p>Dans un monde o\u00f9 la pr\u00e9servation de notre plan\u00e8te devient une priorit\u00e9, les&nbsp;voitures&nbsp;\u00e0 faible&nbsp;\u00e9mission&nbsp;de CO2 s&rsquo;imposent comme une solution incontournable [&hellip;]<\/p>\n","protected":false},"author":1,"featured_media":780,"comment_status":"open","ping_status":"open","sticky":false,"template":"","format":"standard","meta":{"texte_de_description":"","bouton_vers_la_page":"","texte-de-presentation":"","footnotes":""},"categories":[1],"tags":[],"class_list":["post-779","post","type-post","status-publish","format-standard","has-post-thumbnail","hentry","category-non-classe"],"yoast_head":"<!-- This site is optimized with the Yoast SEO plugin v20.9 - https:\/\/yoast.com\/wordpress\/plugins\/seo\/ -->\n<title>Les bienfaits environnementaux des\u00a0v\u00e9hicules\u00a0\u00e0 faible\u00a0\u00e9mission - R\u00e9action Permis<\/title>\n<meta name=\"robots\" content=\"index, follow, max-snippet:-1, max-image-preview:large, max-video-preview:-1\" \/>\n<link rel=\"canonical\" href=\"https:\/\/www.reactionpermis.fr\/post\/les-bienfaits-environnementaux-des-vehicules-a-faible-emission\" \/>\n<meta property=\"og:locale\" content=\"fr_FR\" \/>\n<meta property=\"og:type\" content=\"article\" \/>\n<meta property=\"og:title\" content=\"Les bienfaits environnementaux des\u00a0v\u00e9hicules\u00a0\u00e0 faible\u00a0\u00e9mission - R\u00e9action Permis\" \/>\n<meta property=\"og:description\" content=\"Dans un monde o\u00f9 la pr\u00e9servation de notre plan\u00e8te devient une priorit\u00e9, les&nbsp;voitures&nbsp;\u00e0 faible&nbsp;\u00e9mission&nbsp;de CO2 s&rsquo;imposent comme une solution incontournable [&hellip;]\" \/>\n<meta property=\"og:url\" content=\"https:\/\/www.reactionpermis.fr\/post\/les-bienfaits-environnementaux-des-vehicules-a-faible-emission\" \/>\n<meta property=\"og:site_name\" content=\"R\u00e9action Permis\" \/>\n<meta property=\"article:published_time\" content=\"2025-03-27T14:39:56+00:00\" \/>\n<meta property=\"article:modified_time\" content=\"2025-03-31T14:42:21+00:00\" \/>\n<meta property=\"og:image\" content=\"https:\/\/www.reactionpermis.fr\/post\/wp-content\/uploads\/2025\/02\/2_Les_avantages_des_voitures_a_faible_emission_de_CO2.jpg\" \/>\n\t<meta property=\"og:image:width\" content=\"612\" \/>\n\t<meta property=\"og:image:height\" content=\"459\" \/>\n\t<meta property=\"og:image:type\" content=\"image\/jpeg\" \/>\n<meta name=\"author\" content=\"admin\" \/>\n<meta name=\"twitter:card\" content=\"summary_large_image\" \/>\n<meta name=\"twitter:label1\" content=\"\u00c9crit par\" \/>\n\t<meta name=\"twitter:data1\" content=\"admin\" \/>\n\t<meta name=\"twitter:label2\" content=\"Dur\u00e9e de lecture estim\u00e9e\" \/>\n\t<meta name=\"twitter:data2\" content=\"4 minutes\" \/>\n<script type=\"application\/ld+json\" class=\"yoast-schema-graph\">{\"@context\":\"https:\/\/schema.org\",\"@graph\":[{\"@type\":\"WebPage\",\"@id\":\"https:\/\/www.reactionpermis.fr\/post\/les-bienfaits-environnementaux-des-vehicules-a-faible-emission\",\"url\":\"https:\/\/www.reactionpermis.fr\/post\/les-bienfaits-environnementaux-des-vehicules-a-faible-emission\",\"name\":\"Les bienfaits environnementaux des\u00a0v\u00e9hicules\u00a0\u00e0 faible\u00a0\u00e9mission - R\u00e9action Permis\",\"isPartOf\":{\"@id\":\"https:\/\/www.reactionpermis.fr\/post\/#website\"},\"datePublished\":\"2025-03-27T14:39:56+00:00\",\"dateModified\":\"2025-03-31T14:42:21+00:00\",\"author\":{\"@id\":\"https:\/\/www.reactionpermis.fr\/post\/#\/schema\/person\/778570af896d3a9a544ea7be353ab0fa\"},\"breadcrumb\":{\"@id\":\"https:\/\/www.reactionpermis.fr\/post\/les-bienfaits-environnementaux-des-vehicules-a-faible-emission#breadcrumb\"},\"inLanguage\":\"fr-FR\",\"potentialAction\":[{\"@type\":\"ReadAction\",\"target\":[\"https:\/\/www.reactionpermis.fr\/post\/les-bienfaits-environnementaux-des-vehicules-a-faible-emission\"]}]},{\"@type\":\"BreadcrumbList\",\"@id\":\"https:\/\/www.reactionpermis.fr\/post\/les-bienfaits-environnementaux-des-vehicules-a-faible-emission#breadcrumb\",\"itemListElement\":[{\"@type\":\"ListItem\",\"position\":1,\"name\":\"Accueil\",\"item\":\"https:\/\/www.reactionpermis.fr\/post\/\"},{\"@type\":\"ListItem\",\"position\":2,\"name\":\"Les bienfaits environnementaux des\u00a0v\u00e9hicules\u00a0\u00e0 faible\u00a0\u00e9mission\"}]},{\"@type\":\"WebSite\",\"@id\":\"https:\/\/www.reactionpermis.fr\/post\/#website\",\"url\":\"https:\/\/www.reactionpermis.fr\/post\/\",\"name\":\"R\u00e9action Permis\",\"description\":\"\",\"potentialAction\":[{\"@type\":\"SearchAction\",\"target\":{\"@type\":\"EntryPoint\",\"urlTemplate\":\"https:\/\/www.reactionpermis.fr\/post\/?s={search_term_string}\"},\"query-input\":\"required name=search_term_string\"}],\"inLanguage\":\"fr-FR\"},{\"@type\":\"Person\",\"@id\":\"https:\/\/www.reactionpermis.fr\/post\/#\/schema\/person\/778570af896d3a9a544ea7be353ab0fa\",\"name\":\"admin\",\"image\":{\"@type\":\"ImageObject\",\"inLanguage\":\"fr-FR\",\"@id\":\"https:\/\/www.reactionpermis.fr\/post\/#\/schema\/person\/image\/\",\"url\":\"https:\/\/secure.gravatar.com\/avatar\/bd86007c0e7e2ad004ba682f102fe493973c3992f87d13e54678fbdb5a5d515a?s=96&d=mm&r=g\",\"contentUrl\":\"https:\/\/secure.gravatar.com\/avatar\/bd86007c0e7e2ad004ba682f102fe493973c3992f87d13e54678fbdb5a5d515a?s=96&d=mm&r=g\",\"caption\":\"admin\"},\"sameAs\":[\"https:\/\/www.reactionpermis.fr\/post\"],\"url\":\"https:\/\/www.reactionpermis.fr\/post\/author\/admin\"}]}<\/script>\n<!-- \/ Yoast SEO plugin. -->","yoast_head_json":{"title":"Les bienfaits environnementaux des\u00a0v\u00e9hicules\u00a0\u00e0 faible\u00a0\u00e9mission - R\u00e9action Permis","robots":{"index":"index","follow":"follow","max-snippet":"max-snippet:-1","max-image-preview":"max-image-preview:large","max-video-preview":"max-video-preview:-1"},"canonical":"https:\/\/www.reactionpermis.fr\/post\/les-bienfaits-environnementaux-des-vehicules-a-faible-emission","og_locale":"fr_FR","og_type":"article","og_title":"Les bienfaits environnementaux des\u00a0v\u00e9hicules\u00a0\u00e0 faible\u00a0\u00e9mission - R\u00e9action Permis","og_description":"Dans un monde o\u00f9 la pr\u00e9servation de notre plan\u00e8te devient une priorit\u00e9, les&nbsp;voitures&nbsp;\u00e0 faible&nbsp;\u00e9mission&nbsp;de CO2 s&rsquo;imposent comme une solution incontournable [&hellip;]","og_url":"https:\/\/www.reactionpermis.fr\/post\/les-bienfaits-environnementaux-des-vehicules-a-faible-emission","og_site_name":"R\u00e9action Permis","article_published_time":"2025-03-27T14:39:56+00:00","article_modified_time":"2025-03-31T14:42:21+00:00","og_image":[{"width":612,"height":459,"url":"https:\/\/www.reactionpermis.fr\/post\/wp-content\/uploads\/2025\/02\/2_Les_avantages_des_voitures_a_faible_emission_de_CO2.jpg","type":"image\/jpeg"}],"author":"admin","twitter_card":"summary_large_image","twitter_misc":{"\u00c9crit par":"admin","Dur\u00e9e de lecture estim\u00e9e":"4 minutes"},"schema":{"@context":"https:\/\/schema.org","@graph":[{"@type":"WebPage","@id":"https:\/\/www.reactionpermis.fr\/post\/les-bienfaits-environnementaux-des-vehicules-a-faible-emission","url":"https:\/\/www.reactionpermis.fr\/post\/les-bienfaits-environnementaux-des-vehicules-a-faible-emission","name":"Les bienfaits environnementaux des\u00a0v\u00e9hicules\u00a0\u00e0 faible\u00a0\u00e9mission - R\u00e9action Permis","isPartOf":{"@id":"https:\/\/www.reactionpermis.fr\/post\/#website"},"datePublished":"2025-03-27T14:39:56+00:00","dateModified":"2025-03-31T14:42:21+00:00","author":{"@id":"https:\/\/www.reactionpermis.fr\/post\/#\/schema\/person\/778570af896d3a9a544ea7be353ab0fa"},"breadcrumb":{"@id":"https:\/\/www.reactionpermis.fr\/post\/les-bienfaits-environnementaux-des-vehicules-a-faible-emission#breadcrumb"},"inLanguage":"fr-FR","potentialAction":[{"@type":"ReadAction","target":["https:\/\/www.reactionpermis.fr\/post\/les-bienfaits-environnementaux-des-vehicules-a-faible-emission"]}]},{"@type":"BreadcrumbList","@id":"https:\/\/www.reactionpermis.fr\/post\/les-bienfaits-environnementaux-des-vehicules-a-faible-emission#breadcrumb","itemListElement":[{"@type":"ListItem","position":1,"name":"Accueil","item":"https:\/\/www.reactionpermis.fr\/post\/"},{"@type":"ListItem","position":2,"name":"Les bienfaits environnementaux des\u00a0v\u00e9hicules\u00a0\u00e0 faible\u00a0\u00e9mission"}]},{"@type":"WebSite","@id":"https:\/\/www.reactionpermis.fr\/post\/#website","url":"https:\/\/www.reactionpermis.fr\/post\/","name":"R\u00e9action Permis","description":"","potentialAction":[{"@type":"SearchAction","target":{"@type":"EntryPoint","urlTemplate":"https:\/\/www.reactionpermis.fr\/post\/?s={search_term_string}"},"query-input":"required name=search_term_string"}],"inLanguage":"fr-FR"},{"@type":"Person","@id":"https:\/\/www.reactionpermis.fr\/post\/#\/schema\/person\/778570af896d3a9a544ea7be353ab0fa","name":"admin","image":{"@type":"ImageObject","inLanguage":"fr-FR","@id":"https:\/\/www.reactionpermis.fr\/post\/#\/schema\/person\/image\/","url":"https:\/\/secure.gravatar.com\/avatar\/bd86007c0e7e2ad004ba682f102fe493973c3992f87d13e54678fbdb5a5d515a?s=96&d=mm&r=g","contentUrl":"https:\/\/secure.gravatar.com\/avatar\/bd86007c0e7e2ad004ba682f102fe493973c3992f87d13e54678fbdb5a5d515a?s=96&d=mm&r=g","caption":"admin"},"sameAs":["https:\/\/www.reactionpermis.fr\/post"],"url":"https:\/\/www.reactionpermis.fr\/post\/author\/admin"}]}},"_links":{"self":[{"href":"https:\/\/www.reactionpermis.fr\/post\/wp-json\/wp\/v2\/posts\/779","targetHints":{"allow":["GET"]}}],"collection":[{"href":"https:\/\/www.reactionpermis.fr\/post\/wp-json\/wp\/v2\/posts"}],"about":[{"href":"https:\/\/www.reactionpermis.fr\/post\/wp-json\/wp\/v2\/types\/post"}],"author":[{"embeddable":true,"href":"https:\/\/www.reactionpermis.fr\/post\/wp-json\/wp\/v2\/users\/1"}],"replies":[{"embeddable":true,"href":"https:\/\/www.reactionpermis.fr\/post\/wp-json\/wp\/v2\/comments?post=779"}],"version-history":[{"count":2,"href":"https:\/\/www.reactionpermis.fr\/post\/wp-json\/wp\/v2\/posts\/779\/revisions"}],"predecessor-version":[{"id":930,"href":"https:\/\/www.reactionpermis.fr\/post\/wp-json\/wp\/v2\/posts\/779\/revisions\/930"}],"wp:featuredmedia":[{"embeddable":true,"href":"https:\/\/www.reactionpermis.fr\/post\/wp-json\/wp\/v2\/media\/780"}],"wp:attachment":[{"href":"https:\/\/www.reactionpermis.fr\/post\/wp-json\/wp\/v2\/media?parent=779"}],"wp:term":[{"taxonomy":"category","embeddable":true,"href":"https:\/\/www.reactionpermis.fr\/post\/wp-json\/wp\/v2\/categories?post=779"},{"taxonomy":"post_tag","embeddable":true,"href":"https:\/\/www.reactionpermis.fr\/post\/wp-json\/wp\/v2\/tags?post=779"}],"curies":[{"name":"wp","href":"https:\/\/api.w.org\/{rel}","templated":true}]}}