{"id":85,"date":"2020-05-25T07:36:02","date_gmt":"2020-05-25T05:36:02","guid":{"rendered":"http:\/\/5ec78ecdefb6ba00178a668b"},"modified":"2025-03-31T15:41:42","modified_gmt":"2025-03-31T13:41:42","slug":"ce-que-vous-ne-saviez-pas-sur-le-licenciement-et-la-perte-de-permis","status":"publish","type":"post","link":"https:\/\/www.reactionpermis.fr\/post\/ce-que-vous-ne-saviez-pas-sur-le-licenciement-et-la-perte-de-permis","title":{"rendered":"Ce que vous ne saviez pas sur le licenciement et la perte de permis"},"content":{"rendered":"<h2><strong>La perte du permis de conduire, est-ce un motif de licenciement ?<\/strong><\/h2>\n<p><strong>Pour de nombreuses professions, le permis de conduire est n\u00e9cessaire pour l\u2019exercice de la fonction. Prenez un chauffeur de taxi, s\u2019il n\u2019a plus de permis de conduire ou un permis suspendu pendant plusieurs mois, il est \u00e9vident qu&rsquo;il ne peut plus travailler. Mais lorsqu\u2019un salari\u00e9 utilise de mani\u00e8re r\u00e9guli\u00e8re une voiture dans le cadre de son activit\u00e9 professionnelle, l<\/strong><a href=\"https:\/\/www.reactionpermis.fr\/post\/que-faire-en-cas-de-r%C3%A9tention-de-votre-permis\" target=\"_blank\" rel=\"noopener\"><strong>,<u>a perte ou la suspension de son permis de conduire<\/u><\/strong><\/a><strong>, peut dans certains cas<\/strong><a href=\"https:\/\/www.service-public.fr\/particuliers\/vosdroits\/F31850\" target=\"_blank\" rel=\"noopener\"><strong>,<u> \u00eatre un motif de licenciement<\/u><\/strong><\/a><strong>. Mais rappelons que celui-ci doit reposer sur un motif valable. L\u2019employeur doit pouvoir prouver la pertinence de ce dernier.<\/strong><\/p>\n<figure><\/figure>\n<h2><strong>Faute dans le cadre de la vie priv\u00e9e <\/strong><\/h2>\n<p><strong>Un salari\u00e9 fait l\u2019objet d\u2019un retrait ou d\u2019une suspension de son permis de conduire, dans le cadre de sa vie priv\u00e9e. N\u00e9anmoins, son travail n\u00e9cessite des d\u00e9placements r\u00e9guliers en voiture, il ne pourra d\u00e9sormais plus les effectuer. Mais selon l\u2019article L223-7 du code de la route, ,,lorsque qu\u2019un tel \u00e9v\u00e9nement a lieu en dehors de l&rsquo;ex\u00e9cution du contrat de travail, aucun licenciement pour faute ne peut \u00eatre prononc\u00e9. C\u2019est le principe de la protection de la vie priv\u00e9e du salari\u00e9.<\/strong><\/p>\n<h2><strong>Faute lors de l\u2019ex\u00e9cution du contrat de travail<\/strong><\/h2>\n<p><strong>Le salari\u00e9 fait l\u2019objet d\u2019un retrait ou d\u2019une suspension de permis sur sa p\u00e9riode de travail, il est donc dans l\u2019exercice de ses fonctions. Son employeur peut alors engager une proc\u00e9dure de licenciement, en justifiant qu\u2019il subit un pr\u00e9judice. Ou, par exemple, si le contrat de travail, poss\u00e8de une clause qui stipule un licenciement imm\u00e9diat dans le cas d\u2019une perte de permis.<\/strong><\/p>\n<h3><strong>Pourquoi ?<\/strong><\/h3>\n<p><strong>Dans ce cas de figure, le salari\u00e9 doit imp\u00e9rativement faire usage d\u2019un v\u00e9hicule pour r\u00e9aliser son travail comme la soci\u00e9t\u00e9 le lui demande. Or, s\u2019il a un permis annul\u00e9 ou suspendu, il ne peut plus l\u2019accomplir correctement, de ce fait, il trouble le bon fonctionnement de l\u2019entreprise.<\/strong><\/p>\n<h3><strong>La prise de d\u00e9cision<\/strong><\/h3>\n<p><strong>En fonction de la gravit\u00e9 des faits, jug\u00e9 par l\u2019employeur, il peut licencier le salari\u00e9 pour faute simple ou grave. Par exemple, il s\u2019agirait d\u2019une faute grave si le salari\u00e9 conduisait en \u00e9tat d\u2019ivresse ou sous l\u2019emprise de stup\u00e9fiant pendant les heures de travail.<\/strong><\/p>\n<p><strong>Une d\u00e9cision moins d\u00e9finitive peut \u00eatre prise par l\u2019employeur. S\u2019il s\u2019agit d\u2019un permis suspendu, il peut d\u00e9cider de suspendre \u00e9galement le contrat de travail du salari\u00e9, jusqu\u2019\u00e0 ce que la p\u00e9riode de suspension prenne fin. Durant cette p\u00e9riode le salari\u00e9 pourra suivre une formation ou encore prendre des cong\u00e9s. \u00c0 la fin de cette p\u00e9riode, l\u2019employ\u00e9 r\u00e9cup\u00e9rera alors son poste. <\/strong><a href=\"https:\/\/www.juritravail.com\/Actualite\/convoquer-recevoir-le-salarie-et-notifier-le-licenciement\/Id\/230431\" target=\"_blank\" rel=\"noopener\">,<strong>,,<u>Il pourra \u00e9galement, en cas de retrait d\u00e9finitif, \u00eatre reclass\u00e9 sur un autre poste.<\/u><\/strong><\/a><\/p>\n<h2><strong>,Que faut-il faire en cas de perte de permis ?<\/strong><\/h2>\n<p><strong>Il est important lors d\u2019un retrait ou d\u2019une suspension de permis, de transmettre l\u2019information le plus rapidement possible \u00e0 son employeur. Dans le cas contraire, l\u2019informer tardivement,<\/strong> <strong>par exemple 3 semaines apr\u00e8s, pourra justifier un licenciement sans concertation avec le salari\u00e9.<\/strong><\/p>\n<p><strong>Dans le cas, o\u00f9 le conducteur aurait uniquement un retrait de points sur son permis, il devra r\u00e9aliser un stage de r\u00e9cup\u00e9ration de points. Par contre, s\u2019il a un retrait de permis ou une suspension de 6 mois ou plus, il sera n\u00e9cessaire, d\u2019effectuer une visite m\u00e9dicale. Mais \u00e9galement <\/strong><a href=\"https:\/\/www.reactionpermis.fr\/bookings-checkout\/examen-psychotechnique-montrouge-1\" target=\"_blank\" rel=\"noopener\">,,<strong>,<u>un test psychotechnique<\/u><\/strong><\/a><strong> afin d\u2019\u00e9valuer son aptitude \u00e0 la conduite, ses r\u00e9flexes et assurer qu\u2019il ne repr\u00e9sente pas de danger sur la route. <\/strong><\/p>\n<p><strong>Beaucoup de m\u00e9tiers, de professions et autres activit\u00e9s requi\u00e8rent la d\u00e9tention d\u2019un permis de conduire valide. Mais attention, votre employeur n\u2019est pas autoris\u00e9 \u00e0 vous demander le nombre de points que vous avez, il peut seulement s\u2019assurer que vous avez bien le permis de conduire. Vous devez avoir au minimum 1 point sur votre permis.<\/strong><\/p>\n","protected":false},"excerpt":{"rendered":"<p>La perte du permis de conduire, est-ce un motif de licenciement ? Pour de nombreuses professions, le permis de conduire [&hellip;]<\/p>\n","protected":false},"author":1,"featured_media":328,"comment_status":"open","ping_status":"open","sticky":false,"template":"","format":"standard","meta":{"texte_de_description":"","bouton_vers_la_page":"","texte-de-presentation":"","footnotes":""},"categories":[1],"tags":[],"class_list":["post-85","post","type-post","status-publish","format-standard","has-post-thumbnail","hentry","category-non-classe"],"yoast_head":"<!-- This site is optimized with the Yoast SEO plugin v20.9 - https:\/\/yoast.com\/wordpress\/plugins\/seo\/ -->\n<title>Ce que vous ne saviez pas sur le licenciement et la perte de permis - R\u00e9action Permis<\/title>\n<meta name=\"description\" content=\"La perte du permis de conduire, un motif de licenciement ?\" \/>\n<meta name=\"robots\" content=\"index, follow, max-snippet:-1, max-image-preview:large, max-video-preview:-1\" \/>\n<link rel=\"canonical\" href=\"https:\/\/www.reactionpermis.fr\/post\/ce-que-vous-ne-saviez-pas-sur-le-licenciement-et-la-perte-de-permis\" \/>\n<meta property=\"og:locale\" content=\"fr_FR\" \/>\n<meta property=\"og:type\" content=\"article\" \/>\n<meta property=\"og:title\" content=\"Ce que vous ne saviez pas sur le licenciement et la perte de permis - R\u00e9action Permis\" \/>\n<meta property=\"og:description\" content=\"La perte du permis de conduire, un motif de licenciement ?\" \/>\n<meta property=\"og:url\" content=\"https:\/\/www.reactionpermis.fr\/post\/ce-que-vous-ne-saviez-pas-sur-le-licenciement-et-la-perte-de-permis\" \/>\n<meta property=\"og:site_name\" content=\"R\u00e9action Permis\" \/>\n<meta property=\"article:published_time\" content=\"2020-05-25T05:36:02+00:00\" \/>\n<meta property=\"article:modified_time\" content=\"2025-03-31T13:41:42+00:00\" \/>\n<meta property=\"og:image\" content=\"https:\/\/www.reactionpermis.fr\/post\/wp-content\/uploads\/2023\/06\/people-1492052_1280.jpg\" \/>\n\t<meta property=\"og:image:width\" content=\"1280\" \/>\n\t<meta property=\"og:image:height\" content=\"852\" \/>\n\t<meta property=\"og:image:type\" content=\"image\/jpeg\" \/>\n<meta name=\"author\" content=\"admin\" \/>\n<meta name=\"twitter:card\" content=\"summary_large_image\" \/>\n<meta name=\"twitter:label1\" content=\"\u00c9crit par\" \/>\n\t<meta name=\"twitter:data1\" content=\"admin\" \/>\n\t<meta name=\"twitter:label2\" content=\"Dur\u00e9e de lecture estim\u00e9e\" \/>\n\t<meta name=\"twitter:data2\" content=\"4 minutes\" \/>\n<script type=\"application\/ld+json\" class=\"yoast-schema-graph\">{\"@context\":\"https:\/\/schema.org\",\"@graph\":[{\"@type\":\"WebPage\",\"@id\":\"https:\/\/www.reactionpermis.fr\/post\/ce-que-vous-ne-saviez-pas-sur-le-licenciement-et-la-perte-de-permis\",\"url\":\"https:\/\/www.reactionpermis.fr\/post\/ce-que-vous-ne-saviez-pas-sur-le-licenciement-et-la-perte-de-permis\",\"name\":\"Ce que vous ne saviez pas sur le licenciement et la perte de permis - R\u00e9action Permis\",\"isPartOf\":{\"@id\":\"https:\/\/www.reactionpermis.fr\/post\/#website\"},\"datePublished\":\"2020-05-25T05:36:02+00:00\",\"dateModified\":\"2025-03-31T13:41:42+00:00\",\"author\":{\"@id\":\"https:\/\/www.reactionpermis.fr\/post\/#\/schema\/person\/778570af896d3a9a544ea7be353ab0fa\"},\"description\":\"La perte du permis de conduire, un motif de licenciement ?\",\"breadcrumb\":{\"@id\":\"https:\/\/www.reactionpermis.fr\/post\/ce-que-vous-ne-saviez-pas-sur-le-licenciement-et-la-perte-de-permis#breadcrumb\"},\"inLanguage\":\"fr-FR\",\"potentialAction\":[{\"@type\":\"ReadAction\",\"target\":[\"https:\/\/www.reactionpermis.fr\/post\/ce-que-vous-ne-saviez-pas-sur-le-licenciement-et-la-perte-de-permis\"]}]},{\"@type\":\"BreadcrumbList\",\"@id\":\"https:\/\/www.reactionpermis.fr\/post\/ce-que-vous-ne-saviez-pas-sur-le-licenciement-et-la-perte-de-permis#breadcrumb\",\"itemListElement\":[{\"@type\":\"ListItem\",\"position\":1,\"name\":\"Accueil\",\"item\":\"https:\/\/www.reactionpermis.fr\/post\/\"},{\"@type\":\"ListItem\",\"position\":2,\"name\":\"Ce que vous ne saviez pas sur le licenciement et la perte de permis\"}]},{\"@type\":\"WebSite\",\"@id\":\"https:\/\/www.reactionpermis.fr\/post\/#website\",\"url\":\"https:\/\/www.reactionpermis.fr\/post\/\",\"name\":\"R\u00e9action Permis\",\"description\":\"\",\"potentialAction\":[{\"@type\":\"SearchAction\",\"target\":{\"@type\":\"EntryPoint\",\"urlTemplate\":\"https:\/\/www.reactionpermis.fr\/post\/?s={search_term_string}\"},\"query-input\":\"required name=search_term_string\"}],\"inLanguage\":\"fr-FR\"},{\"@type\":\"Person\",\"@id\":\"https:\/\/www.reactionpermis.fr\/post\/#\/schema\/person\/778570af896d3a9a544ea7be353ab0fa\",\"name\":\"admin\",\"image\":{\"@type\":\"ImageObject\",\"inLanguage\":\"fr-FR\",\"@id\":\"https:\/\/www.reactionpermis.fr\/post\/#\/schema\/person\/image\/\",\"url\":\"https:\/\/secure.gravatar.com\/avatar\/bd86007c0e7e2ad004ba682f102fe493973c3992f87d13e54678fbdb5a5d515a?s=96&d=mm&r=g\",\"contentUrl\":\"https:\/\/secure.gravatar.com\/avatar\/bd86007c0e7e2ad004ba682f102fe493973c3992f87d13e54678fbdb5a5d515a?s=96&d=mm&r=g\",\"caption\":\"admin\"},\"sameAs\":[\"https:\/\/www.reactionpermis.fr\/post\"],\"url\":\"https:\/\/www.reactionpermis.fr\/post\/author\/admin\"}]}<\/script>\n<!-- \/ Yoast SEO plugin. -->","yoast_head_json":{"title":"Ce que vous ne saviez pas sur le licenciement et la perte de permis - R\u00e9action Permis","description":"La perte du permis de conduire, un motif de licenciement ?","robots":{"index":"index","follow":"follow","max-snippet":"max-snippet:-1","max-image-preview":"max-image-preview:large","max-video-preview":"max-video-preview:-1"},"canonical":"https:\/\/www.reactionpermis.fr\/post\/ce-que-vous-ne-saviez-pas-sur-le-licenciement-et-la-perte-de-permis","og_locale":"fr_FR","og_type":"article","og_title":"Ce que vous ne saviez pas sur le licenciement et la perte de permis - R\u00e9action Permis","og_description":"La perte du permis de conduire, un motif de licenciement ?","og_url":"https:\/\/www.reactionpermis.fr\/post\/ce-que-vous-ne-saviez-pas-sur-le-licenciement-et-la-perte-de-permis","og_site_name":"R\u00e9action Permis","article_published_time":"2020-05-25T05:36:02+00:00","article_modified_time":"2025-03-31T13:41:42+00:00","og_image":[{"width":1280,"height":852,"url":"https:\/\/www.reactionpermis.fr\/post\/wp-content\/uploads\/2023\/06\/people-1492052_1280.jpg","type":"image\/jpeg"}],"author":"admin","twitter_card":"summary_large_image","twitter_misc":{"\u00c9crit par":"admin","Dur\u00e9e de lecture estim\u00e9e":"4 minutes"},"schema":{"@context":"https:\/\/schema.org","@graph":[{"@type":"WebPage","@id":"https:\/\/www.reactionpermis.fr\/post\/ce-que-vous-ne-saviez-pas-sur-le-licenciement-et-la-perte-de-permis","url":"https:\/\/www.reactionpermis.fr\/post\/ce-que-vous-ne-saviez-pas-sur-le-licenciement-et-la-perte-de-permis","name":"Ce que vous ne saviez pas sur le licenciement et la perte de permis - R\u00e9action Permis","isPartOf":{"@id":"https:\/\/www.reactionpermis.fr\/post\/#website"},"datePublished":"2020-05-25T05:36:02+00:00","dateModified":"2025-03-31T13:41:42+00:00","author":{"@id":"https:\/\/www.reactionpermis.fr\/post\/#\/schema\/person\/778570af896d3a9a544ea7be353ab0fa"},"description":"La perte du permis de conduire, un motif de licenciement ?","breadcrumb":{"@id":"https:\/\/www.reactionpermis.fr\/post\/ce-que-vous-ne-saviez-pas-sur-le-licenciement-et-la-perte-de-permis#breadcrumb"},"inLanguage":"fr-FR","potentialAction":[{"@type":"ReadAction","target":["https:\/\/www.reactionpermis.fr\/post\/ce-que-vous-ne-saviez-pas-sur-le-licenciement-et-la-perte-de-permis"]}]},{"@type":"BreadcrumbList","@id":"https:\/\/www.reactionpermis.fr\/post\/ce-que-vous-ne-saviez-pas-sur-le-licenciement-et-la-perte-de-permis#breadcrumb","itemListElement":[{"@type":"ListItem","position":1,"name":"Accueil","item":"https:\/\/www.reactionpermis.fr\/post\/"},{"@type":"ListItem","position":2,"name":"Ce que vous ne saviez pas sur le licenciement et la perte de permis"}]},{"@type":"WebSite","@id":"https:\/\/www.reactionpermis.fr\/post\/#website","url":"https:\/\/www.reactionpermis.fr\/post\/","name":"R\u00e9action Permis","description":"","potentialAction":[{"@type":"SearchAction","target":{"@type":"EntryPoint","urlTemplate":"https:\/\/www.reactionpermis.fr\/post\/?s={search_term_string}"},"query-input":"required name=search_term_string"}],"inLanguage":"fr-FR"},{"@type":"Person","@id":"https:\/\/www.reactionpermis.fr\/post\/#\/schema\/person\/778570af896d3a9a544ea7be353ab0fa","name":"admin","image":{"@type":"ImageObject","inLanguage":"fr-FR","@id":"https:\/\/www.reactionpermis.fr\/post\/#\/schema\/person\/image\/","url":"https:\/\/secure.gravatar.com\/avatar\/bd86007c0e7e2ad004ba682f102fe493973c3992f87d13e54678fbdb5a5d515a?s=96&d=mm&r=g","contentUrl":"https:\/\/secure.gravatar.com\/avatar\/bd86007c0e7e2ad004ba682f102fe493973c3992f87d13e54678fbdb5a5d515a?s=96&d=mm&r=g","caption":"admin"},"sameAs":["https:\/\/www.reactionpermis.fr\/post"],"url":"https:\/\/www.reactionpermis.fr\/post\/author\/admin"}]}},"_links":{"self":[{"href":"https:\/\/www.reactionpermis.fr\/post\/wp-json\/wp\/v2\/posts\/85","targetHints":{"allow":["GET"]}}],"collection":[{"href":"https:\/\/www.reactionpermis.fr\/post\/wp-json\/wp\/v2\/posts"}],"about":[{"href":"https:\/\/www.reactionpermis.fr\/post\/wp-json\/wp\/v2\/types\/post"}],"author":[{"embeddable":true,"href":"https:\/\/www.reactionpermis.fr\/post\/wp-json\/wp\/v2\/users\/1"}],"replies":[{"embeddable":true,"href":"https:\/\/www.reactionpermis.fr\/post\/wp-json\/wp\/v2\/comments?post=85"}],"version-history":[{"count":2,"href":"https:\/\/www.reactionpermis.fr\/post\/wp-json\/wp\/v2\/posts\/85\/revisions"}],"predecessor-version":[{"id":838,"href":"https:\/\/www.reactionpermis.fr\/post\/wp-json\/wp\/v2\/posts\/85\/revisions\/838"}],"wp:featuredmedia":[{"embeddable":true,"href":"https:\/\/www.reactionpermis.fr\/post\/wp-json\/wp\/v2\/media\/328"}],"wp:attachment":[{"href":"https:\/\/www.reactionpermis.fr\/post\/wp-json\/wp\/v2\/media?parent=85"}],"wp:term":[{"taxonomy":"category","embeddable":true,"href":"https:\/\/www.reactionpermis.fr\/post\/wp-json\/wp\/v2\/categories?post=85"},{"taxonomy":"post_tag","embeddable":true,"href":"https:\/\/www.reactionpermis.fr\/post\/wp-json\/wp\/v2\/tags?post=85"}],"curies":[{"name":"wp","href":"https:\/\/api.w.org\/{rel}","templated":true}]}}